{"id":2891,"date":"2024-02-16T17:49:59","date_gmt":"2024-02-16T22:49:59","guid":{"rendered":"https:\/\/junotechno.com\/?p=2891"},"modified":"2025-09-02T11:31:26","modified_gmt":"2025-09-02T15:31:26","slug":"juno-technologies-au-gala-idee-2023","status":"publish","type":"post","link":"https:\/\/junotechno.com\/fr\/juno-technologies-au-gala-idee-2023\/","title":{"rendered":"Juno Technologies brille au GALA IDEE 2023 avec deux prix prestigieux"},"content":{"rendered":"\n<p><strong>Montr\u00e9al, 16 novembre 2023<\/strong> \u2014 <a href=\"https:\/\/junotechno.com\/fr\/a-propos\/\" data-type=\"page\" data-id=\"1450\">Juno Technologies<\/a> est fi\u00e8re d\u2019annoncer sa double victoire au <strong>GALA IDEE 2023<\/strong>, un \u00e9v\u00e9nement majeur c\u00e9l\u00e9brant l\u2019innovation et la diversit\u00e9 entrepreneuriale au Canada. \ud83c\udf89\u2728<\/p>\n\n\n\n<p>Lors de cette \u00e9dition plac\u00e9e sous le th\u00e8me de <strong>l\u2019IMPACT<\/strong>, nous avons eu l\u2019immense honneur de recevoir :<\/p>\n\n\n\n<ul class=\"wp-block-list\">\n<li>\ud83c\udfc6 <strong>Le Prix Innovation de l\u2019Ann\u00e9e<\/strong><\/li>\n\n\n\n<li>\ud83d\udc96 <strong>Le Prix Coup de C\u0153ur du Public<\/strong><\/li>\n<\/ul>\n\n\n\n<h3 class=\"wp-block-heading\">Une reconnaissance de notre engagement pour l\u2019innovation et la diversit\u00e9<\/h3>\n\n\n\n<p>Le <strong>GALA IDEE<\/strong> est le rendez-vous incontournable pour les entrepreneur\u00b7es issu\u00b7es de la diversit\u00e9 ethnoculturelle au Canada. Organis\u00e9 par <strong>Groupe 3737<\/strong>, ce gala prestigieux met en lumi\u00e8re des initiatives porteuses de changement et d\u2019impact dans nos communaut\u00e9s.<\/p>\n\n\n\n<p>Nous remercions chaleureusement :<\/p>\n\n\n\n<ul class=\"wp-block-list\">\n<li><strong><a href=\"https:\/\/ca.linkedin.com\/company\/groupe-3737?trk=public_post-text\" target=\"_blank\" rel=\"noopener\">Groupe 3737<\/a><\/strong> pour l&#8217;organisation exceptionnelle de l\u2019\u00e9v\u00e9nement,<\/li>\n\n\n\n<li><strong><a href=\"https:\/\/ca.linkedin.com\/company\/bank-of-montreal?trk=public_post-text\" target=\"_blank\" rel=\"noopener\">BMO<\/a><\/strong> et <strong><a href=\"https:\/\/ca.linkedin.com\/company\/fasken?trk=public_post-text\" target=\"_blank\" rel=\"noopener\">Fasken<\/a><\/strong> pour la remise des prix,<\/li>\n\n\n\n<li>Les membres du jury : <em><a href=\"https:\/\/ca.linkedin.com\/in\/hosna-r-kadary-2951092a?trk=public_post-text\" target=\"_blank\" rel=\"noopener\">Hosna R. Kadary,<\/a> <a href=\"https:\/\/ca.linkedin.com\/in\/christian-bassong?trk=public_post-text\" target=\"_blank\" rel=\"noopener\">Christian Bassong<\/a>, <a href=\"https:\/\/ca.linkedin.com\/in\/nadineelsaddi?trk=public_post-text\" target=\"_blank\" rel=\"noopener\">Nadine Saddi<\/a>, Kokou TOSSAVI<\/em>,<\/li>\n\n\n\n<li>Et bien s\u00fbr, toutes les personnes qui ont vot\u00e9 pour nous !<\/li>\n<\/ul>\n\n\n\n<h3 class=\"wp-block-heading\">Une victoire collective<\/h3>\n\n\n\n<p>Cette distinction repr\u00e9sente bien plus qu\u2019un prix : elle incarne notre mission d\u2019utiliser la technologie pour <strong>cr\u00e9er un impact positif<\/strong>, <strong>innover durablement<\/strong> et <strong>valoriser la diversit\u00e9<\/strong> au c\u0153ur de l\u2019\u00e9cosyst\u00e8me entrepreneurial canadien.<\/p>\n\n\n\n<p>\ud83d\udc4f F\u00e9licitations \u00e0 tous les laur\u00e9ats et finalistes \u2014 <em><a href=\"https:\/\/ca.linkedin.com\/in\/m%C3%A9lissa-charles-82682221?trk=public_post-text\" target=\"_blank\" rel=\"noopener\">M\u00e9lissa Charle<\/a>s, <a href=\"https:\/\/ca.linkedin.com\/in\/jyroux?trk=public_post-text\" target=\"_blank\" rel=\"noopener\">Jean-Yves Roux<\/a>, <a href=\"https:\/\/ca.linkedin.com\/in\/lakinesiologist\/en?trk=public_post-text\" target=\"_blank\" rel=\"noopener\">Marie Lavoie<\/a>, <a href=\"https:\/\/ca.linkedin.com\/in\/pape-wade-m-sc-7b4b2050?trk=public_post-text\" target=\"_blank\" rel=\"noopener\">Pape Wade M. Sc<\/a>., <a href=\"https:\/\/ca.linkedin.com\/in\/amanda-arciero-msc-cria?trk=public_post-text\" target=\"_blank\" rel=\"noopener\">Amanda Arciero CRIA, MSc<\/a><\/em> \u2014 pour leur engagement remarquable.<\/p>\n\n\n\n<p><\/p>\n","protected":false},"excerpt":{"rendered":"<p>Montr\u00e9al, 16 novembre 2023 \u2014 Juno Technologies est fi\u00e8re d\u2019annoncer sa double victoire au GALA IDEE 2023, un \u00e9v\u00e9nement majeur c\u00e9l\u00e9brant l\u2019innovation et la diversit\u00e9 entrepreneuriale au Canada. \ud83c\udf89\u2728 Lors de cette \u00e9dition plac\u00e9e sous le th\u00e8me de l\u2019IMPACT, nous avons eu l\u2019immense honneur de recevoir : Une reconnaissance de notre engagement pour l\u2019innovation et [&hellip;]<\/p>\n","protected":false},"author":2,"featured_media":2892,"comment_status":"closed","ping_status":"closed","sticky":false,"template":"","format":"standard","meta":{"_acf_changed":false,"inline_featured_image":false,"footnotes":""},"categories":[50],"tags":[],"post_folder":[],"class_list":["post-2891","post","type-post","status-publish","format-standard","has-post-thumbnail","hentry","category-prix-et-reconnaissance"],"acf":[],"_links":{"self":[{"href":"https:\/\/junotechno.com\/fr\/wp-json\/wp\/v2\/posts\/2891","targetHints":{"allow":["GET"]}}],"collection":[{"href":"https:\/\/junotechno.com\/fr\/wp-json\/wp\/v2\/posts"}],"about":[{"href":"https:\/\/junotechno.com\/fr\/wp-json\/wp\/v2\/types\/post"}],"author":[{"embeddable":true,"href":"https:\/\/junotechno.com\/fr\/wp-json\/wp\/v2\/users\/2"}],"replies":[{"embeddable":true,"href":"https:\/\/junotechno.com\/fr\/wp-json\/wp\/v2\/comments?post=2891"}],"version-history":[{"count":12,"href":"https:\/\/junotechno.com\/fr\/wp-json\/wp\/v2\/posts\/2891\/revisions"}],"predecessor-version":[{"id":4668,"href":"https:\/\/junotechno.com\/fr\/wp-json\/wp\/v2\/posts\/2891\/revisions\/4668"}],"wp:featuredmedia":[{"embeddable":true,"href":"https:\/\/junotechno.com\/fr\/wp-json\/wp\/v2\/media\/2892"}],"wp:attachment":[{"href":"https:\/\/junotechno.com\/fr\/wp-json\/wp\/v2\/media?parent=2891"}],"wp:term":[{"taxonomy":"category","embeddable":true,"href":"https:\/\/junotechno.com\/fr\/wp-json\/wp\/v2\/categories?post=2891"},{"taxonomy":"post_tag","embeddable":true,"href":"https:\/\/junotechno.com\/fr\/wp-json\/wp\/v2\/tags?post=2891"},{"taxonomy":"post_folder","embeddable":true,"href":"https:\/\/junotechno.com\/fr\/wp-json\/wp\/v2\/post_folder?post=2891"}],"curies":[{"name":"wp","href":"https:\/\/api.w.org\/{rel}","templated":true}]}}